{"id":8273,"date":"2025-01-20T07:00:28","date_gmt":"2025-01-20T06:00:28","guid":{"rendered":"https:\/\/www.finepackagingmanufacturers.com\/?p=8273"},"modified":"2025-09-04T17:14:01","modified_gmt":"2025-09-04T15:14:01","slug":"fpm-salon-pcd-paris","status":"publish","type":"post","link":"https:\/\/www.finepackagingmanufacturers.com\/en\/fpm-salon-pcd-paris\/","title":{"rendered":"PCD PARIS 28-29 JANVIER 2025"},"content":{"rendered":"\t\t<div data-elementor-type=\"wp-post\" data-elementor-id=\"8273\" class=\"elementor elementor-8273\" data-elementor-settings=\"{&quot;ha_cmc_init_switcher&quot;:&quot;no&quot;}\" data-elementor-post-type=\"post\">\n\t\t\t\t<div class=\"elementor-element elementor-element-53cfc23 e-flex e-con-boxed e-con e-parent\" data-id=\"53cfc23\" data-element_type=\"container\" data-e-type=\"container\" data-settings=\"{&quot;_ha_eqh_enable&quot;:false}\">\n\t\t\t\t\t<div class=\"e-con-inner\">\n\t\t<div class=\"elementor-element elementor-element-70a03bc e-con-full e-flex e-con e-child\" data-id=\"70a03bc\" data-element_type=\"container\" data-e-type=\"container\" data-settings=\"{&quot;background_background&quot;:&quot;classic&quot;,&quot;_ha_eqh_enable&quot;:false}\">\n\t\t\t\t<div class=\"elementor-element elementor-element-4d64bad elementor-widget elementor-widget-spacer\" data-id=\"4d64bad\" data-element_type=\"widget\" data-e-type=\"widget\" data-widget_type=\"spacer.default\">\n\t\t\t\t<div class=\"elementor-widget-container\">\n\t\t\t\t\t\t\t<div class=\"elementor-spacer\">\n\t\t\t<div class=\"elementor-spacer-inner\"><\/div>\n\t\t<\/div>\n\t\t\t\t\t\t<\/div>\n\t\t\t\t<\/div>\n\t\t\t\t<\/div>\n\t\t\t\t\t<\/div>\n\t\t\t\t<\/div>\n\t\t<div class=\"elementor-element elementor-element-5453a50c e-flex e-con-boxed e-con e-parent\" data-id=\"5453a50c\" data-element_type=\"container\" data-e-type=\"container\" data-settings=\"{&quot;_ha_eqh_enable&quot;:false}\">\n\t\t\t\t\t<div class=\"e-con-inner\">\n\t\t<div class=\"elementor-element elementor-element-d13889b e-flex e-con-boxed e-con e-child\" data-id=\"d13889b\" data-element_type=\"container\" data-e-type=\"container\" data-settings=\"{&quot;_ha_eqh_enable&quot;:false}\">\n\t\t\t\t\t<div class=\"e-con-inner\">\n\t\t\t\t<div class=\"elementor-element elementor-element-2facacc elementor-widget elementor-widget-text-editor\" data-id=\"2facacc\" data-element_type=\"widget\" data-e-type=\"widget\" data-widget_type=\"text-editor.default\">\n\t\t\t\t<div class=\"elementor-widget-container\">\n\t\t\t\t\t\t\t\t\t20.01.2025\t\t\t\t\t\t\t\t<\/div>\n\t\t\t\t<\/div>\n\t\t\t\t<div class=\"elementor-element elementor-element-05fd888 ha-has-bg-overlay elementor-widget elementor-widget-theme-post-title elementor-page-title elementor-widget-heading\" data-id=\"05fd888\" data-element_type=\"widget\" data-e-type=\"widget\" data-widget_type=\"theme-post-title.default\">\n\t\t\t\t<div class=\"elementor-widget-container\">\n\t\t\t\t\t<h1 class=\"elementor-heading-title elementor-size-default\">PCD PARIS 28-29 JANVIER 2025<\/h1>\t\t\t\t<\/div>\n\t\t\t\t<\/div>\n\t\t\t\t<div class=\"elementor-element elementor-element-41eac5d0 elementor-widget elementor-widget-text-editor\" data-id=\"41eac5d0\" data-element_type=\"widget\" data-e-type=\"widget\" data-widget_type=\"text-editor.default\">\n\t\t\t\t<div class=\"elementor-widget-container\">\n\t\t\t\t\t\t\t\t\t<p><strong>2025, une grande ann\u00e9e pour FPM.<\/strong><\/p><p>FPM France, FPM Portugal et FPM Tha\u00eflande seront pr\u00e9sents sur <strong><a href=\"https:\/\/www.parispackagingweek.com\/fr\/pcd\/\">le salon du PCD<\/a> porte de Versailles les 28 et 29 janvier \u00e0 Paris<\/strong> pour vous pr\u00e9senter leurs nouveaut\u00e9s et leur dense actualit\u00e9.<\/p><p>Effectivement, les \u00e9quipes sont sur tous les fronts :<\/p><ul><li>un savoir-faire d\u2019exception avec une nouvelle ma\u00eetrise du <strong>cuir naturel<\/strong> et<\/li><li>l\u2019investissement d\u2019une <strong>ZUND<\/strong> et d\u2019une <strong>CNC<\/strong> chez <strong>FPM France<\/strong>,<\/li><li>l\u2019inauguration imminente <strong>des nouveaux sites en Tha\u00eflande<\/strong>,<\/li><li><p data-pm-slice=\"1 1 [&quot;bullet_list&quot;,{&quot;fontFamily&quot;:null,&quot;fontSize&quot;:null,&quot;lineHeight&quot;:null,&quot;textAlign&quot;:null,&quot;class&quot;:null,&quot;id&quot;:null,&quot;style&quot;:null},&quot;list_item&quot;,{&quot;listColor&quot;:null,&quot;lineHeight&quot;:null,&quot;textAlign&quot;:null,&quot;class&quot;:null,&quot;id&quot;:null,&quot;style&quot;:null}]\"><strong>l\u2019agrandissement<\/strong> de <strong>FPM Portugal<\/strong>.<\/p><\/li><\/ul><p>Ce n\u2019est pas tout, nous continuons d\u2019innover sans cesse pour <a href=\"https:\/\/www.finepackagingmanufacturers.com\/fabricants-responsables\/\"><strong>maintenir nos engagements<\/strong><\/a> et <strong>renforcer nos certifications environnementales<\/strong>. Comme vous pourrez le d\u00e9couvrir dans <a href=\"https:\/\/www.diaminter.com\/wp-content\/uploads\/2024\/09\/03.9-DIAM-Rapport-ESG-2023-1.pdf\"><strong>notre<\/strong> <strong>rapport ESG<\/strong><\/a>.<\/p><p>\u00a0<\/p><p><!-- \/wp:paragraph --><\/p>\t\t\t\t\t\t\t\t<\/div>\n\t\t\t\t<\/div>\n\t\t\t\t<div class=\"elementor-element elementor-element-49eb58b elementor-align-center elementor-widget elementor-widget-button\" data-id=\"49eb58b\" data-element_type=\"widget\" data-e-type=\"widget\" data-widget_type=\"button.default\">\n\t\t\t\t<div class=\"elementor-widget-container\">\n\t\t\t\t\t\t\t\t\t<div class=\"elementor-button-wrapper\">\n\t\t\t\t\t<a class=\"elementor-button elementor-button-link elementor-size-sm\" href=\"\" target=\"_blank\">\n\t\t\t\t\t\t<span class=\"elementor-button-content-wrapper\">\n\t\t\t\t\t\t\t\t\t<span class=\"elementor-button-text\">T\u00e9l\u00e9charger votre badge<\/span>\n\t\t\t\t\t<\/span>\n\t\t\t\t\t<\/a>\n\t\t\t\t<\/div>\n\t\t\t\t\t\t\t\t<\/div>\n\t\t\t\t<\/div>\n\t\t\t\t\t<\/div>\n\t\t\t\t<\/div>\n\t\t\t\t\t<\/div>\n\t\t\t\t<\/div>\n\t\t<div class=\"elementor-element elementor-element-05abd90 e-flex e-con-boxed e-con e-parent\" data-id=\"05abd90\" data-element_type=\"container\" data-e-type=\"container\" data-settings=\"{&quot;_ha_eqh_enable&quot;:false}\">\n\t\t\t\t\t<div class=\"e-con-inner\">\n\t\t<div class=\"elementor-element elementor-element-2e902f7 e-con-full e-flex e-con e-child\" data-id=\"2e902f7\" data-element_type=\"container\" data-e-type=\"container\" data-settings=\"{&quot;_ha_eqh_enable&quot;:false}\">\n\t\t\t\t<div class=\"elementor-element elementor-element-acb73f0 ha-has-bg-overlay elementor-widget elementor-widget-heading\" data-id=\"acb73f0\" data-element_type=\"widget\" data-e-type=\"widget\" data-widget_type=\"heading.default\">\n\t\t\t\t<div class=\"elementor-widget-container\">\n\t\t\t\t\t<h2 class=\"elementor-heading-title elementor-size-default\">Besoin d\u2019une petite piq\u00fbre de rappel ?<\/h2>\t\t\t\t<\/div>\n\t\t\t\t<\/div>\n\t\t\t\t<div class=\"elementor-element elementor-element-db7e66b elementor-widget elementor-widget-text-editor\" data-id=\"db7e66b\" data-element_type=\"widget\" data-e-type=\"widget\" data-widget_type=\"text-editor.default\">\n\t\t\t\t<div class=\"elementor-widget-container\">\n\t\t\t\t\t\t\t\t\t<p data-pm-slice=\"1 1 []\">FPM con\u00e7oit et fabrique des packagings et des displays \u00e0 haute valeur ajout\u00e9e.<\/p><p data-pm-slice=\"1 1 []\">\u00a0<\/p><p>Du prototype aux s\u00e9ries, FPM design ses solutions selon les quantit\u00e9s \u00e0 d\u00e9livrer.<\/p><p><a href=\"https:\/\/www.finepackagingmanufacturers.com\/expertise\/\">Du pur artisanat \u00e0 l\u2019automatisation<\/a>, le process s\u2019adapte \u00e0 votre projet.<\/p><p>\u00a0<\/p><p>Structure, recouvrement, finition, calage et accessoirisation, l\u2019ensemble des savoir-faire est int\u00e9gr\u00e9, pour imaginer un produit \u00e0 votre mesure.<\/p>\t\t\t\t\t\t\t\t<\/div>\n\t\t\t\t<\/div>\n\t\t\t\t<\/div>\n\t\t\t\t\t<\/div>\n\t\t\t\t<\/div>\n\t\t<div class=\"elementor-element elementor-element-91f722b e-flex e-con-boxed e-con e-parent\" data-id=\"91f722b\" data-element_type=\"container\" data-e-type=\"container\" data-settings=\"{&quot;_ha_eqh_enable&quot;:false}\">\n\t\t\t\t\t<div class=\"e-con-inner\">\n\t\t\t\t<div class=\"elementor-element elementor-element-b17f36e elementor-widget elementor-widget-image\" data-id=\"b17f36e\" data-element_type=\"widget\" data-e-type=\"widget\" data-no-translation=\"\" data-widget_type=\"image.default\">\n\t\t\t\t<div class=\"elementor-widget-container\">\n\t\t\t\t\t<style>.elementor-element-b17f36e{display:none !important}<\/style>\t\t\t\t<\/div>\n\t\t\t\t<\/div>\n\t\t\t\t<div class=\"elementor-element elementor-element-b268762 elementor-widget elementor-widget-image\" data-id=\"b268762\" data-element_type=\"widget\" data-e-type=\"widget\" data-no-translation=\"\" data-widget_type=\"image.default\">\n\t\t\t\t<div class=\"elementor-widget-container\">\n\t\t\t\t\t\t\t\t\t\t\t\t\t\t\t<img fetchpriority=\"high\" decoding=\"async\" width=\"1800\" height=\"853\" src=\"https:\/\/www.finepackagingmanufacturers.com\/wp-content\/uploads\/2025\/01\/20250114-BANDEAU-CROISE\u0301-EN.png\" class=\"attachment-full size-full wp-image-8296\" alt=\"\" \/>\t\t\t\t\t\t\t\t\t\t\t\t\t\t\t<\/div>\n\t\t\t\t<\/div>\n\t\t\t\t\t<\/div>\n\t\t\t\t<\/div>\n\t\t<div class=\"elementor-element elementor-element-2dd9dbe e-flex e-con-boxed e-con e-parent\" data-id=\"2dd9dbe\" data-element_type=\"container\" data-e-type=\"container\" data-settings=\"{&quot;_ha_eqh_enable&quot;:false}\">\n\t\t\t\t\t<div class=\"e-con-inner\">\n\t\t<div class=\"elementor-element elementor-element-020de20 e-con-full e-flex e-con e-child\" data-id=\"020de20\" data-element_type=\"container\" data-e-type=\"container\" data-settings=\"{&quot;_ha_eqh_enable&quot;:false}\">\n\t\t\t\t<div class=\"elementor-element elementor-element-4fa5ebb elementor-widget elementor-widget-text-editor\" data-id=\"4fa5ebb\" data-element_type=\"widget\" data-e-type=\"widget\" data-widget_type=\"text-editor.default\">\n\t\t\t\t<div class=\"elementor-widget-container\">\n\t\t\t\t\t\t\t\t\t<p>Des questions ? Un projet ? Nous vous attendons sur notre\u00a0<strong>stand &#8211; E110 &#8211; au PCD\u00a0<\/strong>pour en discuter et envisager la nouvelle ann\u00e9e \u00e0 vos c\u00f4t\u00e9s avec enthousiasme et cr\u00e9ativit\u00e9.<\/p>\n<p>\u00a0<\/p>\t\t\t\t\t\t\t\t<\/div>\n\t\t\t\t<\/div>\n\t\t\t\t<\/div>\n\t\t\t\t\t<\/div>\n\t\t\t\t<\/div>\n\t\t<div class=\"elementor-element elementor-element-05ec43f e-con-full e-flex e-con e-parent\" data-id=\"05ec43f\" data-element_type=\"container\" data-e-type=\"container\" data-settings=\"{&quot;_ha_eqh_enable&quot;:false}\">\n\t\t\t\t<div class=\"elementor-element elementor-element-5ac6d78 elementor-widget-divider--view-line_text elementor-widget-divider--element-align-center elementor-widget elementor-widget-divider\" data-id=\"5ac6d78\" data-element_type=\"widget\" data-e-type=\"widget\" data-widget_type=\"divider.default\">\n\t\t\t\t<div class=\"elementor-widget-container\">\n\t\t\t\t\t\t\t<div class=\"elementor-divider\">\n\t\t\t<span class=\"elementor-divider-separator\">\n\t\t\t\t\t\t\t<p class=\"elementor-divider__text elementor-divider__element\">\n\t\t\t\tLes \u00e9quipes FPM\t\t\t\t<\/p>\n\t\t\t\t\t\t<\/span>\n\t\t<\/div>\n\t\t\t\t\t\t<\/div>\n\t\t\t\t<\/div>\n\t\t\t\t<\/div>\n\t\t<div class=\"elementor-element elementor-element-2f14cf4 e-flex e-con-boxed e-con e-parent\" data-id=\"2f14cf4\" data-element_type=\"container\" data-e-type=\"container\" data-settings=\"{&quot;_ha_eqh_enable&quot;:false}\">\n\t\t\t\t\t<div class=\"e-con-inner\">\n\t\t\t\t\t<\/div>\n\t\t\t\t<\/div>\n\t\t\t\t<\/div>\n\t\t","protected":false},"excerpt":{"rendered":"<p>2025, une grande ann\u00e9e pour FPM. FPM France, FPM Portugal et FPM Tha\u00eflande seront pr\u00e9sents sur le salon du PCD porte de Versailles les 28 et 29 janvier \u00e0 Paris pour vous pr\u00e9senter leurs nouveaut\u00e9s et leur dense actualit\u00e9. Effectivement, les \u00e9quipes sont sur tous les fronts : un savoir-faire d\u2019exception avec une nouvelle ma\u00eetrise [&hellip;]<\/p>\n","protected":false},"author":2,"featured_media":8458,"comment_status":"closed","ping_status":"closed","sticky":false,"template":"","format":"standard","meta":{"_acf_changed":false,"inline_featured_image":false,"_vp_format_video_url":"","_vp_image_focal_point":{"x":0.5,"y":0.5},"footnotes":""},"categories":[15],"tags":[],"class_list":["post-8273","post","type-post","status-publish","format-standard","has-post-thumbnail","hentry","category-blog","entry","has-media"],"acf":[],"yoast_head":"<!-- This site is optimized with the Yoast SEO plugin v27.0 - https:\/\/yoast.com\/product\/yoast-seo-wordpress\/ -->\n<title>PCD PARIS 28-29 JANVIER 2025 - Fine Packaging Manufacturers<\/title>\n<meta name=\"description\" content=\"FPM France, FPM Portugal et FPM Tha\u00eflande seront pr\u00e9sents sur le salon du PCD porte de Versailles les 28 et 29 janvier \u00e0 Paris\" \/>\n<meta name=\"robots\" content=\"index, follow, max-snippet:-1, max-image-preview:large, max-video-preview:-1\" \/>\n<link rel=\"canonical\" href=\"https:\/\/www.finepackagingmanufacturers.com\/en\/fpm-salon-pcd-paris\/\" \/>\n<meta property=\"og:locale\" content=\"en_GB\" \/>\n<meta property=\"og:type\" content=\"article\" \/>\n<meta property=\"og:title\" content=\"PCD PARIS 28-29 JANVIER 2025 - Fine Packaging Manufacturers\" \/>\n<meta property=\"og:description\" content=\"FPM France, FPM Portugal et FPM Tha\u00eflande seront pr\u00e9sents sur le salon du PCD porte de Versailles les 28 et 29 janvier \u00e0 Paris\" \/>\n<meta property=\"og:url\" content=\"https:\/\/www.finepackagingmanufacturers.com\/en\/fpm-salon-pcd-paris\/\" \/>\n<meta property=\"og:site_name\" content=\"Fine Packaging Manufacturers\" \/>\n<meta property=\"article:published_time\" content=\"2025-01-20T06:00:28+00:00\" \/>\n<meta property=\"article:modified_time\" content=\"2025-09-04T15:14:01+00:00\" \/>\n<meta property=\"og:image\" content=\"https:\/\/www.finepackagingmanufacturers.com\/wp-content\/uploads\/2025\/01\/20250512-PCD-600X600.jpg\" \/>\n\t<meta property=\"og:image:width\" content=\"600\" \/>\n\t<meta property=\"og:image:height\" content=\"600\" \/>\n\t<meta property=\"og:image:type\" content=\"image\/jpeg\" \/>\n<meta name=\"author\" content=\"L.Badjang\" \/>\n<meta name=\"twitter:card\" content=\"summary_large_image\" \/>\n<meta name=\"twitter:label1\" content=\"Written by\" \/>\n\t<meta name=\"twitter:data1\" content=\"L.Badjang\" \/>\n\t<meta name=\"twitter:label2\" content=\"Estimated reading time\" \/>\n\t<meta name=\"twitter:data2\" content=\"2 minutes\" \/>\n<script type=\"application\/ld+json\" class=\"yoast-schema-graph\">{\"@context\":\"https:\/\/schema.org\",\"@graph\":[{\"@type\":\"Article\",\"@id\":\"https:\/\/www.finepackagingmanufacturers.com\/fpm-salon-pcd-paris\/#article\",\"isPartOf\":{\"@id\":\"https:\/\/www.finepackagingmanufacturers.com\/fpm-salon-pcd-paris\/\"},\"author\":{\"name\":\"L.Badjang\",\"@id\":\"https:\/\/www.finepackagingmanufacturers.com\/#\/schema\/person\/8e81cd403887c6e1f19133315e1dfcf1\"},\"headline\":\"PCD PARIS 28-29 JANVIER 2025\",\"datePublished\":\"2025-01-20T06:00:28+00:00\",\"dateModified\":\"2025-09-04T15:14:01+00:00\",\"mainEntityOfPage\":{\"@id\":\"https:\/\/www.finepackagingmanufacturers.com\/fpm-salon-pcd-paris\/\"},\"wordCount\":229,\"image\":{\"@id\":\"https:\/\/www.finepackagingmanufacturers.com\/fpm-salon-pcd-paris\/#primaryimage\"},\"thumbnailUrl\":\"https:\/\/www.finepackagingmanufacturers.com\/wp-content\/uploads\/2025\/01\/20250512-PCD-600X600.jpg\",\"articleSection\":[\"Blog\"],\"inLanguage\":\"en-GB\"},{\"@type\":\"WebPage\",\"@id\":\"https:\/\/www.finepackagingmanufacturers.com\/fpm-salon-pcd-paris\/\",\"url\":\"https:\/\/www.finepackagingmanufacturers.com\/fpm-salon-pcd-paris\/\",\"name\":\"PCD PARIS 28-29 JANVIER 2025 - Fine Packaging Manufacturers\",\"isPartOf\":{\"@id\":\"https:\/\/www.finepackagingmanufacturers.com\/#website\"},\"primaryImageOfPage\":{\"@id\":\"https:\/\/www.finepackagingmanufacturers.com\/fpm-salon-pcd-paris\/#primaryimage\"},\"image\":{\"@id\":\"https:\/\/www.finepackagingmanufacturers.com\/fpm-salon-pcd-paris\/#primaryimage\"},\"thumbnailUrl\":\"https:\/\/www.finepackagingmanufacturers.com\/wp-content\/uploads\/2025\/01\/20250512-PCD-600X600.jpg\",\"datePublished\":\"2025-01-20T06:00:28+00:00\",\"dateModified\":\"2025-09-04T15:14:01+00:00\",\"author\":{\"@id\":\"https:\/\/www.finepackagingmanufacturers.com\/#\/schema\/person\/8e81cd403887c6e1f19133315e1dfcf1\"},\"description\":\"FPM France, FPM Portugal et FPM Tha\u00eflande seront pr\u00e9sents sur le salon du PCD porte de Versailles les 28 et 29 janvier \u00e0 Paris\",\"breadcrumb\":{\"@id\":\"https:\/\/www.finepackagingmanufacturers.com\/fpm-salon-pcd-paris\/#breadcrumb\"},\"inLanguage\":\"en-GB\",\"potentialAction\":[{\"@type\":\"ReadAction\",\"target\":[\"https:\/\/www.finepackagingmanufacturers.com\/fpm-salon-pcd-paris\/\"]}]},{\"@type\":\"ImageObject\",\"inLanguage\":\"en-GB\",\"@id\":\"https:\/\/www.finepackagingmanufacturers.com\/fpm-salon-pcd-paris\/#primaryimage\",\"url\":\"https:\/\/www.finepackagingmanufacturers.com\/wp-content\/uploads\/2025\/01\/20250512-PCD-600X600.jpg\",\"contentUrl\":\"https:\/\/www.finepackagingmanufacturers.com\/wp-content\/uploads\/2025\/01\/20250512-PCD-600X600.jpg\",\"width\":600,\"height\":600},{\"@type\":\"BreadcrumbList\",\"@id\":\"https:\/\/www.finepackagingmanufacturers.com\/fpm-salon-pcd-paris\/#breadcrumb\",\"itemListElement\":[{\"@type\":\"ListItem\",\"position\":1,\"name\":\"Accueil\",\"item\":\"https:\/\/www.finepackagingmanufacturers.com\/\"},{\"@type\":\"ListItem\",\"position\":2,\"name\":\"PCD PARIS 28-29 JANVIER 2025\"}]},{\"@type\":\"WebSite\",\"@id\":\"https:\/\/www.finepackagingmanufacturers.com\/#website\",\"url\":\"https:\/\/www.finepackagingmanufacturers.com\/\",\"name\":\"Fine Packaging Manufacturers\",\"description\":\"FPM\",\"potentialAction\":[{\"@type\":\"SearchAction\",\"target\":{\"@type\":\"EntryPoint\",\"urlTemplate\":\"https:\/\/www.finepackagingmanufacturers.com\/?s={search_term_string}\"},\"query-input\":{\"@type\":\"PropertyValueSpecification\",\"valueRequired\":true,\"valueName\":\"search_term_string\"}}],\"inLanguage\":\"en-GB\"},{\"@type\":\"Person\",\"@id\":\"https:\/\/www.finepackagingmanufacturers.com\/#\/schema\/person\/8e81cd403887c6e1f19133315e1dfcf1\",\"name\":\"L.Badjang\",\"image\":{\"@type\":\"ImageObject\",\"inLanguage\":\"en-GB\",\"@id\":\"https:\/\/www.finepackagingmanufacturers.com\/#\/schema\/person\/image\/\",\"url\":\"https:\/\/secure.gravatar.com\/avatar\/cf9dce9320b60ddd18efb88d94ab1a657104e2a738519923fb5d3a0703e69d4c?s=96&d=mm&r=g\",\"contentUrl\":\"https:\/\/secure.gravatar.com\/avatar\/cf9dce9320b60ddd18efb88d94ab1a657104e2a738519923fb5d3a0703e69d4c?s=96&d=mm&r=g\",\"caption\":\"L.Badjang\"}}]}<\/script>\n<!-- \/ Yoast SEO plugin. -->","yoast_head_json":{"title":"PCD PARIS 28-29 JANVIER 2025 - Fine Packaging Manufacturers","description":"FPM France, FPM Portugal et FPM Tha\u00eflande seront pr\u00e9sents sur le salon du PCD porte de Versailles les 28 et 29 janvier \u00e0 Paris","robots":{"index":"index","follow":"follow","max-snippet":"max-snippet:-1","max-image-preview":"max-image-preview:large","max-video-preview":"max-video-preview:-1"},"canonical":"https:\/\/www.finepackagingmanufacturers.com\/en\/fpm-salon-pcd-paris\/","og_locale":"en_GB","og_type":"article","og_title":"PCD PARIS 28-29 JANVIER 2025 - Fine Packaging Manufacturers","og_description":"FPM France, FPM Portugal et FPM Tha\u00eflande seront pr\u00e9sents sur le salon du PCD porte de Versailles les 28 et 29 janvier \u00e0 Paris","og_url":"https:\/\/www.finepackagingmanufacturers.com\/en\/fpm-salon-pcd-paris\/","og_site_name":"Fine Packaging Manufacturers","article_published_time":"2025-01-20T06:00:28+00:00","article_modified_time":"2025-09-04T15:14:01+00:00","og_image":[{"width":600,"height":600,"url":"https:\/\/www.finepackagingmanufacturers.com\/wp-content\/uploads\/2025\/01\/20250512-PCD-600X600.jpg","type":"image\/jpeg"}],"author":"L.Badjang","twitter_card":"summary_large_image","twitter_misc":{"Written by":"L.Badjang","Estimated reading time":"2 minutes"},"schema":{"@context":"https:\/\/schema.org","@graph":[{"@type":"Article","@id":"https:\/\/www.finepackagingmanufacturers.com\/fpm-salon-pcd-paris\/#article","isPartOf":{"@id":"https:\/\/www.finepackagingmanufacturers.com\/fpm-salon-pcd-paris\/"},"author":{"name":"L.Badjang","@id":"https:\/\/www.finepackagingmanufacturers.com\/#\/schema\/person\/8e81cd403887c6e1f19133315e1dfcf1"},"headline":"PCD PARIS 28-29 JANVIER 2025","datePublished":"2025-01-20T06:00:28+00:00","dateModified":"2025-09-04T15:14:01+00:00","mainEntityOfPage":{"@id":"https:\/\/www.finepackagingmanufacturers.com\/fpm-salon-pcd-paris\/"},"wordCount":229,"image":{"@id":"https:\/\/www.finepackagingmanufacturers.com\/fpm-salon-pcd-paris\/#primaryimage"},"thumbnailUrl":"https:\/\/www.finepackagingmanufacturers.com\/wp-content\/uploads\/2025\/01\/20250512-PCD-600X600.jpg","articleSection":["Blog"],"inLanguage":"en-GB"},{"@type":"WebPage","@id":"https:\/\/www.finepackagingmanufacturers.com\/fpm-salon-pcd-paris\/","url":"https:\/\/www.finepackagingmanufacturers.com\/fpm-salon-pcd-paris\/","name":"PCD PARIS 28-29 JANVIER 2025 - Fine Packaging Manufacturers","isPartOf":{"@id":"https:\/\/www.finepackagingmanufacturers.com\/#website"},"primaryImageOfPage":{"@id":"https:\/\/www.finepackagingmanufacturers.com\/fpm-salon-pcd-paris\/#primaryimage"},"image":{"@id":"https:\/\/www.finepackagingmanufacturers.com\/fpm-salon-pcd-paris\/#primaryimage"},"thumbnailUrl":"https:\/\/www.finepackagingmanufacturers.com\/wp-content\/uploads\/2025\/01\/20250512-PCD-600X600.jpg","datePublished":"2025-01-20T06:00:28+00:00","dateModified":"2025-09-04T15:14:01+00:00","author":{"@id":"https:\/\/www.finepackagingmanufacturers.com\/#\/schema\/person\/8e81cd403887c6e1f19133315e1dfcf1"},"description":"FPM France, FPM Portugal et FPM Tha\u00eflande seront pr\u00e9sents sur le salon du PCD porte de Versailles les 28 et 29 janvier \u00e0 Paris","breadcrumb":{"@id":"https:\/\/www.finepackagingmanufacturers.com\/fpm-salon-pcd-paris\/#breadcrumb"},"inLanguage":"en-GB","potentialAction":[{"@type":"ReadAction","target":["https:\/\/www.finepackagingmanufacturers.com\/fpm-salon-pcd-paris\/"]}]},{"@type":"ImageObject","inLanguage":"en-GB","@id":"https:\/\/www.finepackagingmanufacturers.com\/fpm-salon-pcd-paris\/#primaryimage","url":"https:\/\/www.finepackagingmanufacturers.com\/wp-content\/uploads\/2025\/01\/20250512-PCD-600X600.jpg","contentUrl":"https:\/\/www.finepackagingmanufacturers.com\/wp-content\/uploads\/2025\/01\/20250512-PCD-600X600.jpg","width":600,"height":600},{"@type":"BreadcrumbList","@id":"https:\/\/www.finepackagingmanufacturers.com\/fpm-salon-pcd-paris\/#breadcrumb","itemListElement":[{"@type":"ListItem","position":1,"name":"Accueil","item":"https:\/\/www.finepackagingmanufacturers.com\/"},{"@type":"ListItem","position":2,"name":"PCD PARIS 28-29 JANVIER 2025"}]},{"@type":"WebSite","@id":"https:\/\/www.finepackagingmanufacturers.com\/#website","url":"https:\/\/www.finepackagingmanufacturers.com\/","name":"Fine Packaging Manufacturers","description":"FPM","potentialAction":[{"@type":"SearchAction","target":{"@type":"EntryPoint","urlTemplate":"https:\/\/www.finepackagingmanufacturers.com\/?s={search_term_string}"},"query-input":{"@type":"PropertyValueSpecification","valueRequired":true,"valueName":"search_term_string"}}],"inLanguage":"en-GB"},{"@type":"Person","@id":"https:\/\/www.finepackagingmanufacturers.com\/#\/schema\/person\/8e81cd403887c6e1f19133315e1dfcf1","name":"L.Badjang","image":{"@type":"ImageObject","inLanguage":"en-GB","@id":"https:\/\/www.finepackagingmanufacturers.com\/#\/schema\/person\/image\/","url":"https:\/\/secure.gravatar.com\/avatar\/cf9dce9320b60ddd18efb88d94ab1a657104e2a738519923fb5d3a0703e69d4c?s=96&d=mm&r=g","contentUrl":"https:\/\/secure.gravatar.com\/avatar\/cf9dce9320b60ddd18efb88d94ab1a657104e2a738519923fb5d3a0703e69d4c?s=96&d=mm&r=g","caption":"L.Badjang"}}]}},"_links":{"self":[{"href":"https:\/\/www.finepackagingmanufacturers.com\/en\/wp-json\/wp\/v2\/posts\/8273","targetHints":{"allow":["GET"]}}],"collection":[{"href":"https:\/\/www.finepackagingmanufacturers.com\/en\/wp-json\/wp\/v2\/posts"}],"about":[{"href":"https:\/\/www.finepackagingmanufacturers.com\/en\/wp-json\/wp\/v2\/types\/post"}],"author":[{"embeddable":true,"href":"https:\/\/www.finepackagingmanufacturers.com\/en\/wp-json\/wp\/v2\/users\/2"}],"replies":[{"embeddable":true,"href":"https:\/\/www.finepackagingmanufacturers.com\/en\/wp-json\/wp\/v2\/comments?post=8273"}],"version-history":[{"count":24,"href":"https:\/\/www.finepackagingmanufacturers.com\/en\/wp-json\/wp\/v2\/posts\/8273\/revisions"}],"predecessor-version":[{"id":8689,"href":"https:\/\/www.finepackagingmanufacturers.com\/en\/wp-json\/wp\/v2\/posts\/8273\/revisions\/8689"}],"wp:featuredmedia":[{"embeddable":true,"href":"https:\/\/www.finepackagingmanufacturers.com\/en\/wp-json\/wp\/v2\/media\/8458"}],"wp:attachment":[{"href":"https:\/\/www.finepackagingmanufacturers.com\/en\/wp-json\/wp\/v2\/media?parent=8273"}],"wp:term":[{"taxonomy":"category","embeddable":true,"href":"https:\/\/www.finepackagingmanufacturers.com\/en\/wp-json\/wp\/v2\/categories?post=8273"},{"taxonomy":"post_tag","embeddable":true,"href":"https:\/\/www.finepackagingmanufacturers.com\/en\/wp-json\/wp\/v2\/tags?post=8273"}],"curies":[{"name":"wp","href":"https:\/\/api.w.org\/{rel}","templated":true}]}}